{
    "id": 1935,
    "date": "2025-04-21T17:22:09",
    "date_gmt": "2025-04-21T15:22:09",
    "guid": {
        "rendered": "https:\/\/dakr.flaw.uniba.sk\/?page_id=1935"
    },
    "modified": "2025-05-06T20:19:24",
    "modified_gmt": "2025-05-06T18:19:24",
    "slug": "absolventi",
    "status": "publish",
    "type": "page",
    "link": "https:\/\/dakr.flaw.uniba.sk\/en\/absolventi\/",
    "title": {
        "rendered": "Absolventi"
    },
    "content": {
        "rendered": "<div data-elementor-type=\"wp-page\" data-elementor-id=\"1935\" class=\"elementor elementor-1935\">\n\t\t\t\t<div class=\"elementor-element elementor-element-4436413 e-flex e-con-boxed e-con e-parent\" data-id=\"4436413\" data-element_type=\"container\" data-e-type=\"container\" data-settings=\"{&quot;background_background&quot;:&quot;gradient&quot;}\">\n\t\t\t\t\t<div class=\"e-con-inner\">\n\t\t<div class=\"elementor-element elementor-element-1953b49d e-con-full e-flex e-con e-child\" data-id=\"1953b49d\" data-element_type=\"container\" data-e-type=\"container\">\n\t\t\t\t<div class=\"elementor-element elementor-element-3ff6147d elementor-widget elementor-widget-heading\" data-id=\"3ff6147d\" data-element_type=\"widget\" data-e-type=\"widget\" data-widget_type=\"heading.default\">\n\t\t\t\t<div class=\"elementor-widget-container\">\n\t\t\t\t\t<h3 class=\"elementor-heading-title elementor-size-default\">Absolventi<\/h3>\t\t\t\t<\/div>\n\t\t\t\t<\/div>\n\t\t\t\t<div class=\"elementor-element elementor-element-286b8bd2 elementor-widget-divider--view-line elementor-widget elementor-widget-divider\" data-id=\"286b8bd2\" data-element_type=\"widget\" data-e-type=\"widget\" data-widget_type=\"divider.default\">\n\t\t\t\t<div class=\"elementor-widget-container\">\n\t\t\t\t\t\t\t<div class=\"elementor-divider\">\n\t\t\t<span class=\"elementor-divider-separator\">\n\t\t\t\t\t\t<\/span>\n\t\t<\/div>\n\t\t\t\t\t\t<\/div>\n\t\t\t\t<\/div>\n\t\t\t\t<div class=\"elementor-element elementor-element-7113f686 elementor-widget elementor-widget-text-editor\" data-id=\"7113f686\" data-element_type=\"widget\" data-e-type=\"widget\" data-widget_type=\"text-editor.default\">\n\t\t\t\t<div class=\"elementor-widget-container\">\n\t\t\t\t\t\t\t\t\t<p>\u00daspe\u0161n\u00ed absolventi Diplomatickej akad\u00e9mie Karola Ryb\u00e1rika<\/p>\t\t\t\t\t\t\t\t<\/div>\n\t\t\t\t<\/div>\n\t\t<div class=\"elementor-element elementor-element-2d8a0845 e-flex e-con-boxed e-con e-child\" data-id=\"2d8a0845\" data-element_type=\"container\" data-e-type=\"container\">\n\t\t\t\t\t<div class=\"e-con-inner\">\n\t\t<div class=\"elementor-element elementor-element-149b2452 e-con-full e-flex e-con e-child\" data-id=\"149b2452\" data-element_type=\"container\" data-e-type=\"container\" data-settings=\"{&quot;background_background&quot;:&quot;classic&quot;}\">\n\t\t\t\t<div class=\"elementor-element elementor-element-7d11d637 elementor-view-default elementor-widget elementor-widget-icon\" data-id=\"7d11d637\" data-element_type=\"widget\" data-e-type=\"widget\" data-widget_type=\"icon.default\">\n\t\t\t\t<div class=\"elementor-widget-container\">\n\t\t\t\t\t\t\t<div class=\"elementor-icon-wrapper\">\n\t\t\t<div class=\"elementor-icon\">\n\t\t\t<i aria-hidden=\"true\" class=\"fas fa-quote-left\"><\/i>\t\t\t<\/div>\n\t\t<\/div>\n\t\t\t\t\t\t<\/div>\n\t\t\t\t<\/div>\n\t\t\t\t<div class=\"elementor-element elementor-element-22842552 elementor-widget elementor-widget-image\" data-id=\"22842552\" data-element_type=\"widget\" data-e-type=\"widget\" data-widget_type=\"image.default\">\n\t\t\t\t<div class=\"elementor-widget-container\">\n\t\t\t\t\t\t\t\t\t\t\t\t\t\t\t<img decoding=\"async\" width=\"150\" height=\"150\" src=\"https:\/\/dakr.flaw.uniba.sk\/wp-content\/uploads\/2021\/01\/Stanislav-Saling-150x150.jpg\" class=\"attachment-thumbnail size-thumbnail wp-image-191\" alt=\"avatar\" \/>\t\t\t\t\t\t\t\t\t\t\t\t\t\t\t<\/div>\n\t\t\t\t<\/div>\n\t\t\t\t<div class=\"elementor-element elementor-element-79a7c17f elementor-widget elementor-widget-text-editor\" data-id=\"79a7c17f\" data-element_type=\"widget\" data-e-type=\"widget\" data-widget_type=\"text-editor.default\">\n\t\t\t\t<div class=\"elementor-widget-container\">\n\t\t\t\t\t\t\t\t\t<p class=\"p1\"><em>\u0160t\u00fadium na DA KR preh\u013abilo moje poznatky o historick\u00fdch vz\u0165ahoch, ktor\u00e9 ovplyv\u0148uj\u00fa medzin\u00e1rodn\u00fa politiku. Z\u00e1rove\u0148 som z\u00edskal hlb\u0161\u00ed preh\u013ead o \u010dinnosti medzin\u00e1rodn\u00fdch in\u0161tit\u00faci\u00ed. Moje najob\u013e\u00fabenej\u0161ie predmety boli tie, ktor\u00e9 viedli diplomati, resp. odborn\u00edci z praxe. \u0160t\u00fadium na DA KR odpor\u00fa\u010dam v\u0161etk\u00fdm, ktor\u00ed chc\u00fa pracova\u0165 v diplomacii alebo v medzin\u00e1rodn\u00fdch organiz\u00e1ci\u00e1ch.<\/em><\/p>\t\t\t\t\t\t\t\t<\/div>\n\t\t\t\t<\/div>\n\t\t\t\t<div class=\"elementor-element elementor-element-1eb3c043 elementor-widget-divider--view-line elementor-widget elementor-widget-divider\" data-id=\"1eb3c043\" data-element_type=\"widget\" data-e-type=\"widget\" data-widget_type=\"divider.default\">\n\t\t\t\t<div class=\"elementor-widget-container\">\n\t\t\t\t\t\t\t<div class=\"elementor-divider\">\n\t\t\t<span class=\"elementor-divider-separator\">\n\t\t\t\t\t\t<\/span>\n\t\t<\/div>\n\t\t\t\t\t\t<\/div>\n\t\t\t\t<\/div>\n\t\t\t\t<div class=\"elementor-element elementor-element-74f424c8 elementor-widget elementor-widget-heading\" data-id=\"74f424c8\" data-element_type=\"widget\" data-e-type=\"widget\" data-widget_type=\"heading.default\">\n\t\t\t\t<div class=\"elementor-widget-container\">\n\t\t\t\t\t<span class=\"elementor-heading-title elementor-size-default\">Stanislav \u0160aling - Ro\u010dn\u00edk absolvovania: 2001<\/span>\t\t\t\t<\/div>\n\t\t\t\t<\/div>\n\t\t\t\t<\/div>\n\t\t<div class=\"elementor-element elementor-element-7596741d e-con-full e-flex e-con e-child\" data-id=\"7596741d\" data-element_type=\"container\" data-e-type=\"container\" data-settings=\"{&quot;background_background&quot;:&quot;classic&quot;}\">\n\t\t\t\t<div class=\"elementor-element elementor-element-444df5b2 elementor-view-default elementor-widget elementor-widget-icon\" data-id=\"444df5b2\" data-element_type=\"widget\" data-e-type=\"widget\" data-widget_type=\"icon.default\">\n\t\t\t\t<div class=\"elementor-widget-container\">\n\t\t\t\t\t\t\t<div class=\"elementor-icon-wrapper\">\n\t\t\t<div class=\"elementor-icon\">\n\t\t\t<i aria-hidden=\"true\" class=\"fas fa-quote-left\"><\/i>\t\t\t<\/div>\n\t\t<\/div>\n\t\t\t\t\t\t<\/div>\n\t\t\t\t<\/div>\n\t\t\t\t<div class=\"elementor-element elementor-element-3fd32688 elementor-widget elementor-widget-image\" data-id=\"3fd32688\" data-element_type=\"widget\" data-e-type=\"widget\" data-widget_type=\"image.default\">\n\t\t\t\t<div class=\"elementor-widget-container\">\n\t\t\t\t\t\t\t\t\t\t\t\t\t\t\t<img decoding=\"async\" width=\"150\" height=\"150\" src=\"https:\/\/dakr.flaw.uniba.sk\/wp-content\/uploads\/2021\/01\/dusan-chrenek-150x150.jpg\" class=\"attachment-thumbnail size-thumbnail wp-image-179\" alt=\"avatar\" \/>\t\t\t\t\t\t\t\t\t\t\t\t\t\t\t<\/div>\n\t\t\t\t<\/div>\n\t\t\t\t<div class=\"elementor-element elementor-element-49bf227b elementor-widget elementor-widget-text-editor\" data-id=\"49bf227b\" data-element_type=\"widget\" data-e-type=\"widget\" data-widget_type=\"text-editor.default\">\n\t\t\t\t<div class=\"elementor-widget-container\">\n\t\t\t\t\t\t\t\t\t<p class=\"p1\"><span class=\"s1\">\u010co mi dalo \u0161t\u00fadium na DA KR:<\/span> <em>Vynikaj\u00faci z\u00e1klad pre pr\u00e1cu v diplomacii a v medzin\u00e1rodn\u00fdch in\u0161tit\u00faci\u00e1ch. Navy\u0161e som na akad\u00e9mii stretol ve\u013ea \u00fa\u017easn\u00fdch \u013eud\u00ed, s ktor\u00fdmi som v kontakte doteraz.<\/em><\/p><p class=\"p1\"><span class=\"s1\">Najob\u013e\u00fabenej\u0161\u00ed predmet:<\/span> <em>Diplomatick\u00e1 prax \u2013 in\u0161pirat\u00edvne stretnutia s \u013eu\u010fmi, ktor\u00ed akt\u00edvne p\u00f4sobili v diplomacii a poskytli n\u00e1m praktick\u00e9 rady, tie som vyu\u017eil pre svoj profesion\u00e1lny rozvoj.<\/em><\/p><p class=\"p1\"><span class=\"s1\">Komu by som odporu\u010dil \u0161t\u00fadium na DA KR:<\/span> <em>V\u0161etk\u00fdm mlad\u00fdm \u013eu\u010fom, ktor\u00ed maj\u00fa z\u00e1ujem pracova\u0165 v oblasti zahrani\u010dn\u00fdch vz\u0165ahov, \u010di u\u017e v diplomacii, medzin\u00e1rodn\u00fdch in\u0161tit\u00faci\u00e1ch, alebo aj biznise, \u010di mimovl\u00e1dnych organiz\u00e1ci\u00e1ch. Z\u00edskaj\u00fa tu mimoriadne \u0161irok\u00fd preh\u013ead pre \u010fal\u0161\u00ed profesion\u00e1lny a osobnostn\u00fd rast.<\/em><\/p>\t\t\t\t\t\t\t\t<\/div>\n\t\t\t\t<\/div>\n\t\t\t\t<div class=\"elementor-element elementor-element-6b9cb33c elementor-widget-divider--view-line elementor-widget elementor-widget-divider\" data-id=\"6b9cb33c\" data-element_type=\"widget\" data-e-type=\"widget\" data-widget_type=\"divider.default\">\n\t\t\t\t<div class=\"elementor-widget-container\">\n\t\t\t\t\t\t\t<div class=\"elementor-divider\">\n\t\t\t<span class=\"elementor-divider-separator\">\n\t\t\t\t\t\t<\/span>\n\t\t<\/div>\n\t\t\t\t\t\t<\/div>\n\t\t\t\t<\/div>\n\t\t\t\t<div class=\"elementor-element elementor-element-c6fe6d8 elementor-widget elementor-widget-heading\" data-id=\"c6fe6d8\" data-element_type=\"widget\" data-e-type=\"widget\" data-widget_type=\"heading.default\">\n\t\t\t\t<div class=\"elementor-widget-container\">\n\t\t\t\t\t<span class=\"elementor-heading-title elementor-size-default\">Du\u0161an Chrenek - Ro\u010dn\u00edk absolvovania: 1995<\/span>\t\t\t\t<\/div>\n\t\t\t\t<\/div>\n\t\t\t\t<\/div>\n\t\t<div class=\"elementor-element elementor-element-2b723878 e-con-full e-flex e-con e-child\" data-id=\"2b723878\" data-element_type=\"container\" data-e-type=\"container\" data-settings=\"{&quot;background_background&quot;:&quot;classic&quot;}\">\n\t\t\t\t<div class=\"elementor-element elementor-element-56cf66bd elementor-view-default elementor-widget elementor-widget-icon\" data-id=\"56cf66bd\" data-element_type=\"widget\" data-e-type=\"widget\" data-widget_type=\"icon.default\">\n\t\t\t\t<div class=\"elementor-widget-container\">\n\t\t\t\t\t\t\t<div class=\"elementor-icon-wrapper\">\n\t\t\t<div class=\"elementor-icon\">\n\t\t\t<i aria-hidden=\"true\" class=\"fas fa-quote-left\"><\/i>\t\t\t<\/div>\n\t\t<\/div>\n\t\t\t\t\t\t<\/div>\n\t\t\t\t<\/div>\n\t\t\t\t<div class=\"elementor-element elementor-element-100a7345 elementor-widget elementor-widget-image\" data-id=\"100a7345\" data-element_type=\"widget\" data-e-type=\"widget\" data-widget_type=\"image.default\">\n\t\t\t\t<div class=\"elementor-widget-container\">\n\t\t\t\t\t\t\t\t\t\t\t\t\t\t\t<img decoding=\"async\" width=\"150\" height=\"150\" src=\"https:\/\/dakr.flaw.uniba.sk\/wp-content\/uploads\/2021\/01\/Ivan-Korcok-150x150.jpg\" class=\"attachment-thumbnail size-thumbnail wp-image-181\" alt=\"avatar\" \/>\t\t\t\t\t\t\t\t\t\t\t\t\t\t\t<\/div>\n\t\t\t\t<\/div>\n\t\t\t\t<div class=\"elementor-element elementor-element-7390100c elementor-widget elementor-widget-text-editor\" data-id=\"7390100c\" data-element_type=\"widget\" data-e-type=\"widget\" data-widget_type=\"text-editor.default\">\n\t\t\t\t<div class=\"elementor-widget-container\">\n\t\t\t\t\t\t\t\t\t<p class=\"p1\"><span class=\"s1\">\u010co mi dalo \u0161t\u00fadium na DA KR<\/span>: <em>Dobr\u00fd z\u00e1klad a motiv\u00e1ciu venova\u0165 sa medzin\u00e1rodn\u00fdm vz\u0165ahom a diplomacii.<\/em><\/p><p class=\"p1\"><span class=\"s1\">Najob\u013e\u00fabenej\u0161\u00ed predmet<\/span>: <em>Eur\u00f3pske pr\u00e1vo \u2013 z\u00edskan\u00e9 poznatky boli u\u017eito\u010dn\u00e9 pre moje p\u00f4sobenie na r\u00f4znych poz\u00edci\u00e1ch v oblasti z\u00e1le\u017eitost\u00ed E\u00da v Bruseli i v Bratislave; Medzin\u00e1rodn\u00e9 vz\u0165ahy (so zahrani\u010dn\u00fdmi lektormi) &#8211; tento predmet mi priniesol nov\u00e9 dimenzie a poh\u013eady na oblas\u0165 medzin\u00e1rodn\u00fdch vz\u0165ahov<\/em><\/p><p class=\"p1\"><span class=\"s1\">Komu by som odporu\u010dil \u0161t\u00fadium na DA KR<\/span>: <em>Ka\u017ed\u00e9mu, kto vie, pre\u010do ho zauj\u00edma diplomacia.<\/em><\/p>\t\t\t\t\t\t\t\t<\/div>\n\t\t\t\t<\/div>\n\t\t\t\t<div class=\"elementor-element elementor-element-9d91fbc elementor-widget-divider--view-line elementor-widget elementor-widget-divider\" data-id=\"9d91fbc\" data-element_type=\"widget\" data-e-type=\"widget\" data-widget_type=\"divider.default\">\n\t\t\t\t<div class=\"elementor-widget-container\">\n\t\t\t\t\t\t\t<div class=\"elementor-divider\">\n\t\t\t<span class=\"elementor-divider-separator\">\n\t\t\t\t\t\t<\/span>\n\t\t<\/div>\n\t\t\t\t\t\t<\/div>\n\t\t\t\t<\/div>\n\t\t\t\t<div class=\"elementor-element elementor-element-2b19ae2d elementor-widget elementor-widget-heading\" data-id=\"2b19ae2d\" data-element_type=\"widget\" data-e-type=\"widget\" data-widget_type=\"heading.default\">\n\t\t\t\t<div class=\"elementor-widget-container\">\n\t\t\t\t\t<span class=\"elementor-heading-title elementor-size-default\">Ivan Kor\u010dok - Ro\u010dn\u00edk absolvovania: 1993\n<\/span>\t\t\t\t<\/div>\n\t\t\t\t<\/div>\n\t\t\t\t<\/div>\n\t\t\t\t\t<\/div>\n\t\t\t\t<\/div>\n\t\t<div class=\"elementor-element elementor-element-b7d94c0 e-flex e-con-boxed e-con e-child\" data-id=\"b7d94c0\" data-element_type=\"container\" data-e-type=\"container\">\n\t\t\t\t\t<div class=\"e-con-inner\">\n\t\t<div class=\"elementor-element elementor-element-10e09023 e-con-full e-flex e-con e-child\" data-id=\"10e09023\" data-element_type=\"container\" data-e-type=\"container\" data-settings=\"{&quot;background_background&quot;:&quot;classic&quot;}\">\n\t\t\t\t<div class=\"elementor-element elementor-element-7969a007 elementor-view-default elementor-widget elementor-widget-icon\" data-id=\"7969a007\" data-element_type=\"widget\" data-e-type=\"widget\" data-widget_type=\"icon.default\">\n\t\t\t\t<div class=\"elementor-widget-container\">\n\t\t\t\t\t\t\t<div class=\"elementor-icon-wrapper\">\n\t\t\t<div class=\"elementor-icon\">\n\t\t\t<i aria-hidden=\"true\" class=\"fas fa-quote-left\"><\/i>\t\t\t<\/div>\n\t\t<\/div>\n\t\t\t\t\t\t<\/div>\n\t\t\t\t<\/div>\n\t\t\t\t<div class=\"elementor-element elementor-element-5112da17 elementor-widget elementor-widget-image\" data-id=\"5112da17\" data-element_type=\"widget\" data-e-type=\"widget\" data-widget_type=\"image.default\">\n\t\t\t\t<div class=\"elementor-widget-container\">\n\t\t\t\t\t\t\t\t\t\t\t\t\t\t\t<img loading=\"lazy\" decoding=\"async\" width=\"150\" height=\"150\" src=\"https:\/\/dakr.flaw.uniba.sk\/wp-content\/uploads\/2021\/01\/Ingrid-Brockova-150x150.jpg\" class=\"attachment-thumbnail size-thumbnail wp-image-180\" alt=\"avatar\" \/>\t\t\t\t\t\t\t\t\t\t\t\t\t\t\t<\/div>\n\t\t\t\t<\/div>\n\t\t\t\t<div class=\"elementor-element elementor-element-1d614135 elementor-widget elementor-widget-text-editor\" data-id=\"1d614135\" data-element_type=\"widget\" data-e-type=\"widget\" data-widget_type=\"text-editor.default\">\n\t\t\t\t<div class=\"elementor-widget-container\">\n\t\t\t\t\t\t\t\t\t<p class=\"p1\"><span class=\"s1\">\u010co mi dalo \u0161t\u00fadium na DA KR<\/span>: <em>\u0160t\u00fadium ma priviedlo k zauj\u00edmavej, intelektu\u00e1lne in\u0161piruj\u00facej profesii, ktorou diplomacia ur\u010dite je. Z\u00e1rove\u0148 mi poskytlo pr\u00edle\u017eitos\u0165 stretn\u00fa\u0165 sa s mno\u017estvom \u013eud\u00ed a priate\u013eov z r\u00f4znych oblast\u00ed \u017eivota.<\/em><\/p><p class=\"p1\"><span class=\"s1\">Najob\u013e\u00fabenej\u0161\u00ed predmet<\/span>: <em>Geografick\u00e9 \u0161pecifik\u00e1 sveta, ktor\u00e9 n\u00e1m odha\u013eovali diverzitu kult\u00fary a sp\u00f4sobu spravovania jednotliv\u00fdch kraj\u00edn sveta. Atrakt\u00edvna bola aj v\u00fdu\u010dba o z\u00e1kladoch diplomatick\u00e9ho protokolu, spojen\u00e1 s r\u00f4znymi historkami.<\/em><\/p><p class=\"p1\"><span class=\"s1\">Komu by som odporu\u010dila \u0161t\u00fadium na DA KR<\/span>: <em>absolventom V\u0160, ktor\u00ed s\u00fa st\u00e1le prirodzene zvedav\u00ed a nechc\u00fa so vzdel\u00e1van\u00edm presta\u0165.<\/em><\/p>\t\t\t\t\t\t\t\t<\/div>\n\t\t\t\t<\/div>\n\t\t\t\t<div class=\"elementor-element elementor-element-3502266f elementor-widget-divider--view-line elementor-widget elementor-widget-divider\" data-id=\"3502266f\" data-element_type=\"widget\" data-e-type=\"widget\" data-widget_type=\"divider.default\">\n\t\t\t\t<div class=\"elementor-widget-container\">\n\t\t\t\t\t\t\t<div class=\"elementor-divider\">\n\t\t\t<span class=\"elementor-divider-separator\">\n\t\t\t\t\t\t<\/span>\n\t\t<\/div>\n\t\t\t\t\t\t<\/div>\n\t\t\t\t<\/div>\n\t\t\t\t<div class=\"elementor-element elementor-element-6ef1e969 elementor-widget elementor-widget-heading\" data-id=\"6ef1e969\" data-element_type=\"widget\" data-e-type=\"widget\" data-widget_type=\"heading.default\">\n\t\t\t\t<div class=\"elementor-widget-container\">\n\t\t\t\t\t<span class=\"elementor-heading-title elementor-size-default\">Ingrid Brockov\u00e1 - Ro\u010dn\u00edk absolvovania: 1994\n<\/span>\t\t\t\t<\/div>\n\t\t\t\t<\/div>\n\t\t\t\t<\/div>\n\t\t<div class=\"elementor-element elementor-element-46942933 e-con-full e-flex e-con e-child\" data-id=\"46942933\" data-element_type=\"container\" data-e-type=\"container\" data-settings=\"{&quot;background_background&quot;:&quot;classic&quot;}\">\n\t\t\t\t<div class=\"elementor-element elementor-element-f538b40 elementor-view-default elementor-widget elementor-widget-icon\" data-id=\"f538b40\" data-element_type=\"widget\" data-e-type=\"widget\" data-widget_type=\"icon.default\">\n\t\t\t\t<div class=\"elementor-widget-container\">\n\t\t\t\t\t\t\t<div class=\"elementor-icon-wrapper\">\n\t\t\t<div class=\"elementor-icon\">\n\t\t\t<i aria-hidden=\"true\" class=\"fas fa-quote-left\"><\/i>\t\t\t<\/div>\n\t\t<\/div>\n\t\t\t\t\t\t<\/div>\n\t\t\t\t<\/div>\n\t\t\t\t<div class=\"elementor-element elementor-element-920fa8f elementor-widget elementor-widget-image\" data-id=\"920fa8f\" data-element_type=\"widget\" data-e-type=\"widget\" data-widget_type=\"image.default\">\n\t\t\t\t<div class=\"elementor-widget-container\">\n\t\t\t\t\t\t\t\t\t\t\t\t\t\t\t<img loading=\"lazy\" decoding=\"async\" width=\"150\" height=\"150\" src=\"https:\/\/dakr.flaw.uniba.sk\/wp-content\/uploads\/2021\/01\/Radovan-Javorcik-150x150.jpg\" class=\"attachment-thumbnail size-thumbnail wp-image-187\" alt=\"\" srcset=\"https:\/\/dakr.flaw.uniba.sk\/wp-content\/uploads\/2021\/01\/Radovan-Javorcik-150x150.jpg 150w, https:\/\/dakr.flaw.uniba.sk\/wp-content\/uploads\/2021\/01\/Radovan-Javorcik-11x12.jpg 11w\" sizes=\"(max-width: 150px) 100vw, 150px\" \/>\t\t\t\t\t\t\t\t\t\t\t\t\t\t\t<\/div>\n\t\t\t\t<\/div>\n\t\t\t\t<div class=\"elementor-element elementor-element-2f0a99f2 elementor-widget elementor-widget-text-editor\" data-id=\"2f0a99f2\" data-element_type=\"widget\" data-e-type=\"widget\" data-widget_type=\"text-editor.default\">\n\t\t\t\t<div class=\"elementor-widget-container\">\n\t\t\t\t\t\t\t\t\t<p class=\"p1\"><span class=\"s1\">\u010co mi dalo \u0161t\u00fadium na DA KR<\/span>: <em>multidisciplin\u00e1rne poh\u013eady na svet, expoz\u00edciu in\u00fdm ako slovensk\u00fdm n\u00e1zorom, pr\u00edslu\u0161nos\u0165 v klane Ryb\u00e1rikovcov<\/em><\/p>\n<p class=\"p1\"><span class=\"s1\">Najob\u013e\u00fabenej\u0161\u00ed predmet<\/span>: <em>Te\u00f3ria pr\u00e1va a \u0161t\u00e1tu, ale vyu\u010dovan\u00e1 interakt\u00edvne, nie iba z poh\u013eadu pr\u00e1va, preto\u017ee d\u00e1va trval\u00fd kontext syst\u00e9mu, v ktorom chceme \u017ei\u0165.<\/em><\/p>\n<p class=\"p1\"><span class=\"s1\">Komu by som odporu\u010dil \u0161t\u00fadium na DA KR<\/span>: <em>\u0161t\u00fadium na DA KR si nevy\u017eaduje pr\u00e1vnick\u00e9 alebo humanitn\u00e9 vzdelanie, ale vhodn\u00e9 je pre \u010dloveka s otvoren\u00fdmi o\u010dami, ktor\u00fd chce medzin\u00e1rodn\u00e9 vz\u0165ahy vykon\u00e1va\u0165 v praxi, podrobi\u0165 sa slu\u017ebe krajine a hodnot\u00e1m.<\/em><\/p>\t\t\t\t\t\t\t\t<\/div>\n\t\t\t\t<\/div>\n\t\t\t\t<div class=\"elementor-element elementor-element-279692b7 elementor-widget-divider--view-line elementor-widget elementor-widget-divider\" data-id=\"279692b7\" data-element_type=\"widget\" data-e-type=\"widget\" data-widget_type=\"divider.default\">\n\t\t\t\t<div class=\"elementor-widget-container\">\n\t\t\t\t\t\t\t<div class=\"elementor-divider\">\n\t\t\t<span class=\"elementor-divider-separator\">\n\t\t\t\t\t\t<\/span>\n\t\t<\/div>\n\t\t\t\t\t\t<\/div>\n\t\t\t\t<\/div>\n\t\t\t\t<div class=\"elementor-element elementor-element-2774fc1d elementor-widget elementor-widget-heading\" data-id=\"2774fc1d\" data-element_type=\"widget\" data-e-type=\"widget\" data-widget_type=\"heading.default\">\n\t\t\t\t<div class=\"elementor-widget-container\">\n\t\t\t\t\t<span class=\"elementor-heading-title elementor-size-default\">Radovan Javor\u010d\u00edk - Ro\u010dn\u00edk absolvovania: 1995\n<\/span>\t\t\t\t<\/div>\n\t\t\t\t<\/div>\n\t\t\t\t<\/div>\n\t\t<div class=\"elementor-element elementor-element-69528150 e-con-full e-flex e-con e-child\" data-id=\"69528150\" data-element_type=\"container\" data-e-type=\"container\" data-settings=\"{&quot;background_background&quot;:&quot;classic&quot;}\">\n\t\t\t\t<div class=\"elementor-element elementor-element-41a4e99a elementor-view-default elementor-widget elementor-widget-icon\" data-id=\"41a4e99a\" data-element_type=\"widget\" data-e-type=\"widget\" data-widget_type=\"icon.default\">\n\t\t\t\t<div class=\"elementor-widget-container\">\n\t\t\t\t\t\t\t<div class=\"elementor-icon-wrapper\">\n\t\t\t<div class=\"elementor-icon\">\n\t\t\t<i aria-hidden=\"true\" class=\"fas fa-quote-left\"><\/i>\t\t\t<\/div>\n\t\t<\/div>\n\t\t\t\t\t\t<\/div>\n\t\t\t\t<\/div>\n\t\t\t\t<div class=\"elementor-element elementor-element-6ea1d689 elementor-widget elementor-widget-image\" data-id=\"6ea1d689\" data-element_type=\"widget\" data-e-type=\"widget\" data-widget_type=\"image.default\">\n\t\t\t\t<div class=\"elementor-widget-container\">\n\t\t\t\t\t\t\t\t\t\t\t\t\t\t\t<img loading=\"lazy\" decoding=\"async\" width=\"122\" height=\"150\" src=\"https:\/\/dakr.flaw.uniba.sk\/wp-content\/uploads\/2021\/01\/Daniela-Kerestesova-122x150.jpg\" class=\"attachment-thumbnail size-thumbnail wp-image-176\" alt=\"avatar\" srcset=\"https:\/\/dakr.flaw.uniba.sk\/wp-content\/uploads\/2021\/01\/Daniela-Kerestesova-122x150.jpg 122w, https:\/\/dakr.flaw.uniba.sk\/wp-content\/uploads\/2021\/01\/Daniela-Kerestesova-e1745404769250-10x12.jpg 10w\" sizes=\"(max-width: 122px) 100vw, 122px\" \/>\t\t\t\t\t\t\t\t\t\t\t\t\t\t\t<\/div>\n\t\t\t\t<\/div>\n\t\t\t\t<div class=\"elementor-element elementor-element-2a4980b elementor-widget elementor-widget-text-editor\" data-id=\"2a4980b\" data-element_type=\"widget\" data-e-type=\"widget\" data-widget_type=\"text-editor.default\">\n\t\t\t\t<div class=\"elementor-widget-container\">\n\t\t\t\t\t\t\t\t\t<p class=\"p1\"><span class=\"s1\">\u010co mi dalo \u0161t\u00fadium na DA KR<\/span>: <em>\u0160t\u00fadium na DA KR ma nasmerovalo na pr\u00e1cu v medzin\u00e1rodnom prostred\u00ed, stretla som zauj\u00edmav\u00fdch \u013eud\u00ed, celkovo to boli dva podnetn\u00e9 roky.<\/em><\/p><p class=\"p1\"><span class=\"s1\">Najob\u013e\u00fabenej\u0161\u00ed predmet<\/span>: <em>Geopolitick\u00e9 \u0161pecifik\u00e1 regi\u00f3nov sveta a predn\u00e1\u0161ky venovan\u00e9 diplomatickej slu\u017ebe a protokolu (aj kv\u00f4li histork\u00e1m zo \u017eivota diplomatov v podan\u00ed pani profesorky V\u00e1\u0161aryovej a p\u00e1na profesora Kukana.<\/em><\/p><p class=\"p1\"><span class=\"s1\">Komu by som odporu\u010dila \u0161t\u00fadium na DA KR<\/span>: <em>V\u0161etk\u00fdm, \u010do si vedia predstavi\u0165 svoj \u017eivot v diplomacii, v zahrani\u010d\u00ed, s\u00fa ochotn\u00ed cestova\u0165 a by\u0165 otvoren\u00ed in\u00e9mu sp\u00f4sobu \u017eivota.<\/em><\/p>\t\t\t\t\t\t\t\t<\/div>\n\t\t\t\t<\/div>\n\t\t\t\t<div class=\"elementor-element elementor-element-2766d9f7 elementor-widget-divider--view-line elementor-widget elementor-widget-divider\" data-id=\"2766d9f7\" data-element_type=\"widget\" data-e-type=\"widget\" data-widget_type=\"divider.default\">\n\t\t\t\t<div class=\"elementor-widget-container\">\n\t\t\t\t\t\t\t<div class=\"elementor-divider\">\n\t\t\t<span class=\"elementor-divider-separator\">\n\t\t\t\t\t\t<\/span>\n\t\t<\/div>\n\t\t\t\t\t\t<\/div>\n\t\t\t\t<\/div>\n\t\t\t\t<div class=\"elementor-element elementor-element-147be7b6 elementor-widget elementor-widget-heading\" data-id=\"147be7b6\" data-element_type=\"widget\" data-e-type=\"widget\" data-widget_type=\"heading.default\">\n\t\t\t\t<div class=\"elementor-widget-container\">\n\t\t\t\t\t<span class=\"elementor-heading-title elementor-size-default\">Daniela Kereste\u0161ov\u00e1 - Ro\u010dn\u00edk absolvovania: 1997\n\n<\/span>\t\t\t\t<\/div>\n\t\t\t\t<\/div>\n\t\t\t\t<\/div>\n\t\t\t\t\t<\/div>\n\t\t\t\t<\/div>\n\t\t\t\t<\/div>\n\t\t\t\t\t<\/div>\n\t\t\t\t<\/div>\n\t\t<div class=\"elementor-element elementor-element-1f9c75c1 e-flex e-con-boxed e-con e-child\" data-id=\"1f9c75c1\" data-element_type=\"container\" data-e-type=\"container\">\n\t\t\t\t\t<div class=\"e-con-inner\">\n\t\t<div class=\"elementor-element elementor-element-7a9370a6 e-con-full e-flex e-con e-child\" data-id=\"7a9370a6\" data-element_type=\"container\" data-e-type=\"container\" data-settings=\"{&quot;background_background&quot;:&quot;classic&quot;}\">\n\t\t\t\t<div class=\"elementor-element elementor-element-6abf56f7 elementor-view-default elementor-widget elementor-widget-icon\" data-id=\"6abf56f7\" data-element_type=\"widget\" data-e-type=\"widget\" data-widget_type=\"icon.default\">\n\t\t\t\t<div class=\"elementor-widget-container\">\n\t\t\t\t\t\t\t<div class=\"elementor-icon-wrapper\">\n\t\t\t<div class=\"elementor-icon\">\n\t\t\t<i aria-hidden=\"true\" class=\"fas fa-quote-left\"><\/i>\t\t\t<\/div>\n\t\t<\/div>\n\t\t\t\t\t\t<\/div>\n\t\t\t\t<\/div>\n\t\t\t\t<div class=\"elementor-element elementor-element-1aea829c elementor-widget elementor-widget-image\" data-id=\"1aea829c\" data-element_type=\"widget\" data-e-type=\"widget\" data-widget_type=\"image.default\">\n\t\t\t\t<div class=\"elementor-widget-container\">\n\t\t\t\t\t\t\t\t\t\t\t\t\t\t\t<img loading=\"lazy\" decoding=\"async\" width=\"150\" height=\"150\" src=\"https:\/\/dakr.flaw.uniba.sk\/wp-content\/uploads\/2021\/01\/Jan-Orlovsky-150x150.jpg\" class=\"attachment-thumbnail size-thumbnail wp-image-182\" alt=\"avatar\" \/>\t\t\t\t\t\t\t\t\t\t\t\t\t\t\t<\/div>\n\t\t\t\t<\/div>\n\t\t\t\t<div class=\"elementor-element elementor-element-57f65b7 elementor-widget elementor-widget-text-editor\" data-id=\"57f65b7\" data-element_type=\"widget\" data-e-type=\"widget\" data-widget_type=\"text-editor.default\">\n\t\t\t\t<div class=\"elementor-widget-container\">\n\t\t\t\t\t\t\t\t\t<p class=\"p1\"><span class=\"s1\">\u010co mi dalo \u0161t\u00fadium na DA KR<\/span>: <em>Mo\u017enos\u0165 by\u0165 pri zrode slovenskej diplomacie a za\u017ei\u0165 jej niekedy v\u00e1\u017ene a inokedy \u00fasmevn\u00e9 momenty postupn\u00e9ho nadob\u00fadania istoty a sebavedomia.<\/em><\/p><p class=\"p1\"><span class=\"s1\">Najob\u013e\u00fabenej\u0161\u00ed predmet<\/span>: <em>Pam\u00e4t\u00e1m si sk\u00f4r osoby \u2013 doc. Krskov\u00e1, prof. Michalko, p\u00e1n Moj\u017eita a samozrejme doc. Ryb\u00e1rik \u2013 ich predn\u00e1\u0161ky boli podnetom na dlh\u00e9 diskusie aj po ich skon\u010den\u00ed.<\/em><\/p><p class=\"p1\"><span class=\"s1\">Komu by som odporu\u010dil \u0161t\u00fadium na DA KR<\/span>: <em>V\u0161etk\u00fdm, \u010do si k svojej doteraj\u0161ej profesii alebo \u0161t\u00fadiu potrebuj\u00fa doplni\u0165 glob\u00e1lnej\u0161\u00ed poh\u013ead.<\/em><\/p>\t\t\t\t\t\t\t\t<\/div>\n\t\t\t\t<\/div>\n\t\t\t\t<div class=\"elementor-element elementor-element-496f36be elementor-widget-divider--view-line elementor-widget elementor-widget-divider\" data-id=\"496f36be\" data-element_type=\"widget\" data-e-type=\"widget\" data-widget_type=\"divider.default\">\n\t\t\t\t<div class=\"elementor-widget-container\">\n\t\t\t\t\t\t\t<div class=\"elementor-divider\">\n\t\t\t<span class=\"elementor-divider-separator\">\n\t\t\t\t\t\t<\/span>\n\t\t<\/div>\n\t\t\t\t\t\t<\/div>\n\t\t\t\t<\/div>\n\t\t\t\t<div class=\"elementor-element elementor-element-64782882 elementor-widget elementor-widget-heading\" data-id=\"64782882\" data-element_type=\"widget\" data-e-type=\"widget\" data-widget_type=\"heading.default\">\n\t\t\t\t<div class=\"elementor-widget-container\">\n\t\t\t\t\t<span class=\"elementor-heading-title elementor-size-default\">J\u00e1n Orlovsk\u00fd - Ro\u010dn\u00edk absolvovania: 1993<\/span>\t\t\t\t<\/div>\n\t\t\t\t<\/div>\n\t\t\t\t<\/div>\n\t\t<div class=\"elementor-element elementor-element-484afa9c e-con-full e-flex e-con e-child\" data-id=\"484afa9c\" data-element_type=\"container\" data-e-type=\"container\" data-settings=\"{&quot;background_background&quot;:&quot;classic&quot;}\">\n\t\t\t\t<div class=\"elementor-element elementor-element-1df374f6 elementor-view-default elementor-widget elementor-widget-icon\" data-id=\"1df374f6\" data-element_type=\"widget\" data-e-type=\"widget\" data-widget_type=\"icon.default\">\n\t\t\t\t<div class=\"elementor-widget-container\">\n\t\t\t\t\t\t\t<div class=\"elementor-icon-wrapper\">\n\t\t\t<div class=\"elementor-icon\">\n\t\t\t<i aria-hidden=\"true\" class=\"fas fa-quote-left\"><\/i>\t\t\t<\/div>\n\t\t<\/div>\n\t\t\t\t\t\t<\/div>\n\t\t\t\t<\/div>\n\t\t\t\t<div class=\"elementor-element elementor-element-2bb49286 elementor-widget elementor-widget-image\" data-id=\"2bb49286\" data-element_type=\"widget\" data-e-type=\"widget\" data-widget_type=\"image.default\">\n\t\t\t\t<div class=\"elementor-widget-container\">\n\t\t\t\t\t\t\t\t\t\t\t\t\t\t\t<img loading=\"lazy\" decoding=\"async\" width=\"150\" height=\"150\" src=\"https:\/\/dakr.flaw.uniba.sk\/wp-content\/uploads\/2021\/01\/Martina-Jancekova-150x150.jpg\" class=\"attachment-thumbnail size-thumbnail wp-image-184\" alt=\"avatar\" \/>\t\t\t\t\t\t\t\t\t\t\t\t\t\t\t<\/div>\n\t\t\t\t<\/div>\n\t\t\t\t<div class=\"elementor-element elementor-element-1776b6f6 elementor-widget elementor-widget-text-editor\" data-id=\"1776b6f6\" data-element_type=\"widget\" data-e-type=\"widget\" data-widget_type=\"text-editor.default\">\n\t\t\t\t<div class=\"elementor-widget-container\">\n\t\t\t\t\t\t\t\t\t<p class=\"p1\"><span class=\"s1\">\u010co mi dalo \u0161t\u00fadium na DA KR:<\/span> <em>D\u00f4le\u017eit\u00fd preh\u013ead v oblasti zahrani\u010dnej politiky a medzin\u00e1rodn\u00fdch in\u0161tit\u00faci\u00ed, ke\u010f\u017ee som po cel\u00fd \u010das v STV pracovala a pracujem ako redaktor zahrani\u010dn\u00e9ho spravodajstva.<\/em><\/p><p class=\"p1\"><span class=\"s1\">Najob\u013e\u00fabenej\u0161\u00ed predmet:<\/span> <em>Diplomatick\u00e1 etiketa a franc\u00faz\u0161tina, bolo to predov\u0161etk\u00fdm z\u00e1sluhou vynikaj\u00facich lektoriek, ktor\u00e9 dok\u00e1zali \u0161tudentov motivova\u0165.<\/em><\/p><p class=\"p1\"><span class=\"s1\">Komu by som odporu\u010dila \u0161t\u00fadium na DA KR:<\/span> <em>V\u0161etk\u00fdm ambici\u00f3znym mlad\u00fdm \u013eu\u010fom, ktor\u00ed chc\u00fa z\u00edska\u0165 preh\u013ead v oblasti medzin\u00e1rodn\u00e9ho pr\u00e1va a pracova\u0165 v renomovan\u00fdch medzin\u00e1rodn\u00fdch in\u0161tit\u00faci\u00e1ch.<\/em><\/p>\t\t\t\t\t\t\t\t<\/div>\n\t\t\t\t<\/div>\n\t\t\t\t<div class=\"elementor-element elementor-element-72c891fb elementor-widget-divider--view-line elementor-widget elementor-widget-divider\" data-id=\"72c891fb\" data-element_type=\"widget\" data-e-type=\"widget\" data-widget_type=\"divider.default\">\n\t\t\t\t<div class=\"elementor-widget-container\">\n\t\t\t\t\t\t\t<div class=\"elementor-divider\">\n\t\t\t<span class=\"elementor-divider-separator\">\n\t\t\t\t\t\t<\/span>\n\t\t<\/div>\n\t\t\t\t\t\t<\/div>\n\t\t\t\t<\/div>\n\t\t\t\t<div class=\"elementor-element elementor-element-7c9511e7 elementor-widget elementor-widget-heading\" data-id=\"7c9511e7\" data-element_type=\"widget\" data-e-type=\"widget\" data-widget_type=\"heading.default\">\n\t\t\t\t<div class=\"elementor-widget-container\">\n\t\t\t\t\t<span class=\"elementor-heading-title elementor-size-default\">Martina Jan\u010dekov\u00e1 - Ro\u010dn\u00edk absolvovania: 1997<\/span>\t\t\t\t<\/div>\n\t\t\t\t<\/div>\n\t\t\t\t<\/div>\n\t\t<div class=\"elementor-element elementor-element-4c2fe01a e-con-full e-flex e-con e-child\" data-id=\"4c2fe01a\" data-element_type=\"container\" data-e-type=\"container\" data-settings=\"{&quot;background_background&quot;:&quot;classic&quot;}\">\n\t\t\t\t<div class=\"elementor-element elementor-element-1289b150 elementor-view-default elementor-widget elementor-widget-icon\" data-id=\"1289b150\" data-element_type=\"widget\" data-e-type=\"widget\" data-widget_type=\"icon.default\">\n\t\t\t\t<div class=\"elementor-widget-container\">\n\t\t\t\t\t\t\t<div class=\"elementor-icon-wrapper\">\n\t\t\t<div class=\"elementor-icon\">\n\t\t\t<i aria-hidden=\"true\" class=\"fas fa-quote-left\"><\/i>\t\t\t<\/div>\n\t\t<\/div>\n\t\t\t\t\t\t<\/div>\n\t\t\t\t<\/div>\n\t\t\t\t<div class=\"elementor-element elementor-element-80e38e elementor-widget elementor-widget-image\" data-id=\"80e38e\" data-element_type=\"widget\" data-e-type=\"widget\" data-widget_type=\"image.default\">\n\t\t\t\t<div class=\"elementor-widget-container\">\n\t\t\t\t\t\t\t\t\t\t\t\t\t\t\t<img loading=\"lazy\" decoding=\"async\" width=\"150\" height=\"150\" src=\"https:\/\/dakr.flaw.uniba.sk\/wp-content\/uploads\/2021\/01\/Dominika-Porubska-150x150.jpg\" class=\"attachment-thumbnail size-thumbnail wp-image-178\" alt=\"avatar\" \/>\t\t\t\t\t\t\t\t\t\t\t\t\t\t\t<\/div>\n\t\t\t\t<\/div>\n\t\t\t\t<div class=\"elementor-element elementor-element-1b40ab41 elementor-widget elementor-widget-text-editor\" data-id=\"1b40ab41\" data-element_type=\"widget\" data-e-type=\"widget\" data-widget_type=\"text-editor.default\">\n\t\t\t\t<div class=\"elementor-widget-container\">\n\t\t\t\t\t\t\t\t\t<p class=\"p1\"><span class=\"s1\">\u010co mi dalo \u0161t\u00fadium na DA KR<\/span>: <em>otvorilo mi dvere do sveta slovenskej diplomacie a prinieslo cenn\u00e9 kontakty, ktor\u00e9 vyu\u017e\u00edvam aj v aktu\u00e1lnej pr\u00e1ci.\u00a0<\/em><\/p><p class=\"p1\"><span class=\"s1\">Najob\u013e\u00fabenej\u0161\u00ed predmet<\/span>: <em>Rie\u0161enie konfliktov v regi\u00f3ne z\u00e1padn\u00e9ho Balk\u00e1nu &#8211; rozsiahla problematika vz\u0165ahov na Balk\u00e1ne bola podan\u00e1 ve\u013emi preh\u013eadne, zrozumite\u013ene a p\u00fatavo.<\/em><\/p><p class=\"p1\"><span class=\"s1\">Komu by som odporu\u010dila \u0161t\u00fadium na DA KR<\/span>: <em>Diplomatick\u00e1 akad\u00e9mia je skvel\u00e1 \u0161tartovacia l\u00ednia pre t\u00fdch, ktor\u00ed maj\u00fa re\u00e1lny z\u00e1ujem pracova\u0165 \u010di u\u017e priamo alebo nepriamo v diplomacii (napr. v priv\u00e1tnom sektore). Ur\u010dite ocen\u00edte, \u017ee sa ocitnete v spolo\u010dnosti profesion\u00e1lov z radov vyu\u010duj\u00facich, p\u00f4sobiacich v tejto oblasti, a neraz aj z radov \u0161tudentov.<\/em><\/p>\t\t\t\t\t\t\t\t<\/div>\n\t\t\t\t<\/div>\n\t\t\t\t<div class=\"elementor-element elementor-element-6a629946 elementor-widget-divider--view-line elementor-widget elementor-widget-divider\" data-id=\"6a629946\" data-element_type=\"widget\" data-e-type=\"widget\" data-widget_type=\"divider.default\">\n\t\t\t\t<div class=\"elementor-widget-container\">\n\t\t\t\t\t\t\t<div class=\"elementor-divider\">\n\t\t\t<span class=\"elementor-divider-separator\">\n\t\t\t\t\t\t<\/span>\n\t\t<\/div>\n\t\t\t\t\t\t<\/div>\n\t\t\t\t<\/div>\n\t\t\t\t<div class=\"elementor-element elementor-element-1140d54a elementor-widget elementor-widget-heading\" data-id=\"1140d54a\" data-element_type=\"widget\" data-e-type=\"widget\" data-widget_type=\"heading.default\">\n\t\t\t\t<div class=\"elementor-widget-container\">\n\t\t\t\t\t<span class=\"elementor-heading-title elementor-size-default\">Dominika Porubsk\u00e1 - Ro\u010dn\u00edk absolvovania: 2018\n<\/span>\t\t\t\t<\/div>\n\t\t\t\t<\/div>\n\t\t\t\t<\/div>\n\t\t\t\t\t<\/div>\n\t\t\t\t<\/div>\n\t\t<div class=\"elementor-element elementor-element-51156db8 e-flex e-con-boxed e-con e-child\" data-id=\"51156db8\" data-element_type=\"container\" data-e-type=\"container\">\n\t\t\t\t\t<div class=\"e-con-inner\">\n\t\t<div class=\"elementor-element elementor-element-64a21c3b e-con-full e-flex e-con e-child\" data-id=\"64a21c3b\" data-element_type=\"container\" data-e-type=\"container\" data-settings=\"{&quot;background_background&quot;:&quot;classic&quot;}\">\n\t\t\t\t<div class=\"elementor-element elementor-element-4557d76e elementor-view-default elementor-widget elementor-widget-icon\" data-id=\"4557d76e\" data-element_type=\"widget\" data-e-type=\"widget\" data-widget_type=\"icon.default\">\n\t\t\t\t<div class=\"elementor-widget-container\">\n\t\t\t\t\t\t\t<div class=\"elementor-icon-wrapper\">\n\t\t\t<div class=\"elementor-icon\">\n\t\t\t<i aria-hidden=\"true\" class=\"fas fa-quote-left\"><\/i>\t\t\t<\/div>\n\t\t<\/div>\n\t\t\t\t\t\t<\/div>\n\t\t\t\t<\/div>\n\t\t\t\t<div class=\"elementor-element elementor-element-14fadff0 elementor-widget elementor-widget-image\" data-id=\"14fadff0\" data-element_type=\"widget\" data-e-type=\"widget\" data-widget_type=\"image.default\">\n\t\t\t\t<div class=\"elementor-widget-container\">\n\t\t\t\t\t\t\t\t\t\t\t\t\t\t\t<img loading=\"lazy\" decoding=\"async\" width=\"150\" height=\"150\" src=\"https:\/\/dakr.flaw.uniba.sk\/wp-content\/uploads\/2021\/01\/milica-ivovic-150x150.png\" class=\"attachment-thumbnail size-thumbnail wp-image-185\" alt=\"avatar\" \/>\t\t\t\t\t\t\t\t\t\t\t\t\t\t\t<\/div>\n\t\t\t\t<\/div>\n\t\t\t\t<div class=\"elementor-element elementor-element-46f8ed1e elementor-widget elementor-widget-text-editor\" data-id=\"46f8ed1e\" data-element_type=\"widget\" data-e-type=\"widget\" data-widget_type=\"text-editor.default\">\n\t\t\t\t<div class=\"elementor-widget-container\">\n\t\t\t\t\t\t\t\t\t<p class=\"p1\"><span class=\"s1\">\u010co mi dalo \u0161t\u00fadium na DA KR<\/span>: <em>\u0161irok\u00fd preh\u013ead z oblasti medzin\u00e1rodn\u00fdch vz\u0165ahov a diplomacie; pomohlo mi doplni\u0165 si vedomosti z oblasti m\u00f4jho profesion\u00e1lneho z\u00e1ujmu.<\/em><\/p><p class=\"p1\"><span class=\"s1\">Najob\u013e\u00fabenej\u0161\u00ed predmet<\/span>: <em>a) Pr\u00e1vna a diplomatick\u00e1 angli\u010dtina &#8211; predmet pod veden\u00edm Dr. Zulfikara Hyatt-Khana bol prakticky zameran\u00fd a kl\u00e1dol d\u00f4raz na rozv\u00edjanie zru\u010dnost\u00ed potrebn\u00fdch pre p\u00f4sobenie v diplomatick\u00fdch slu\u017eb\u00e1ch, ako napr\u00edklad prezenta\u010dn\u00e9 zru\u010dnosti, vedenie diskusi\u00ed \u010di argument\u00e1cia v anglickom jazyku. Medzin\u00e1rodn\u00e1 a eur\u00f3pska ochrana \u013eudsk\u00fdch pr\u00e1v a \u013dudsk\u00e9 pr\u00e1va v aplika\u010dnej praxi &#8211; Predmety mi pon\u00fakli preh\u013ead v problematike medzin\u00e1rodnej a eur\u00f3pskej ochrany \u013eudsk\u00fdch pr\u00e1v a e\u0161te viac preh\u013abili m\u00f4j z\u00e1ujem p\u00f4sobi\u0165 v tejto oblasti.<\/em><\/p><p class=\"p1\"><span class=\"s1\">Komu by som odporu\u010dila \u0161t\u00fadium na DA KR<\/span>: <em>Ka\u017ed\u00e9mu, kto chce z\u00edska\u0165 ucelen\u00fd preh\u013ead v oblasti medzin\u00e1rodn\u00fdch vz\u0165ahov a diplomacie a z\u00e1rove\u0148 si roz\u0161\u00edri\u0165 u\u017e nadobudnut\u00e9 vedomosti.<\/em><\/p>\t\t\t\t\t\t\t\t<\/div>\n\t\t\t\t<\/div>\n\t\t\t\t<div class=\"elementor-element elementor-element-683838da elementor-widget-divider--view-line elementor-widget elementor-widget-divider\" data-id=\"683838da\" data-element_type=\"widget\" data-e-type=\"widget\" data-widget_type=\"divider.default\">\n\t\t\t\t<div class=\"elementor-widget-container\">\n\t\t\t\t\t\t\t<div class=\"elementor-divider\">\n\t\t\t<span class=\"elementor-divider-separator\">\n\t\t\t\t\t\t<\/span>\n\t\t<\/div>\n\t\t\t\t\t\t<\/div>\n\t\t\t\t<\/div>\n\t\t\t\t<div class=\"elementor-element elementor-element-7772397b elementor-widget elementor-widget-heading\" data-id=\"7772397b\" data-element_type=\"widget\" data-e-type=\"widget\" data-widget_type=\"heading.default\">\n\t\t\t\t<div class=\"elementor-widget-container\">\n\t\t\t\t\t<span class=\"elementor-heading-title elementor-size-default\">Milica Ivovi\u010d - Ro\u010dn\u00edk absolvovania: 2020<\/span>\t\t\t\t<\/div>\n\t\t\t\t<\/div>\n\t\t\t\t<\/div>\n\t\t<div class=\"elementor-element elementor-element-f69ee3a e-con-full e-flex e-con e-child\" data-id=\"f69ee3a\" data-element_type=\"container\" data-e-type=\"container\" data-settings=\"{&quot;background_background&quot;:&quot;classic&quot;}\">\n\t\t\t\t<div class=\"elementor-element elementor-element-51c6099e elementor-view-default elementor-widget elementor-widget-icon\" data-id=\"51c6099e\" data-element_type=\"widget\" data-e-type=\"widget\" data-widget_type=\"icon.default\">\n\t\t\t\t<div class=\"elementor-widget-container\">\n\t\t\t\t\t\t\t<div class=\"elementor-icon-wrapper\">\n\t\t\t<div class=\"elementor-icon\">\n\t\t\t<i aria-hidden=\"true\" class=\"fas fa-quote-left\"><\/i>\t\t\t<\/div>\n\t\t<\/div>\n\t\t\t\t\t\t<\/div>\n\t\t\t\t<\/div>\n\t\t\t\t<div class=\"elementor-element elementor-element-7eb6f977 elementor-widget elementor-widget-image\" data-id=\"7eb6f977\" data-element_type=\"widget\" data-e-type=\"widget\" data-widget_type=\"image.default\">\n\t\t\t\t<div class=\"elementor-widget-container\">\n\t\t\t\t\t\t\t\t\t\t\t\t\t\t\t<img loading=\"lazy\" decoding=\"async\" width=\"150\" height=\"150\" src=\"https:\/\/dakr.flaw.uniba.sk\/wp-content\/uploads\/2021\/01\/Monika-Chaloupkova-150x150.jpg\" class=\"attachment-thumbnail size-thumbnail wp-image-186\" alt=\"avatar\" srcset=\"https:\/\/dakr.flaw.uniba.sk\/wp-content\/uploads\/2021\/01\/Monika-Chaloupkova-150x150.jpg 150w, https:\/\/dakr.flaw.uniba.sk\/wp-content\/uploads\/2021\/01\/Monika-Chaloupkova-13x12.jpg 13w\" sizes=\"(max-width: 150px) 100vw, 150px\" \/>\t\t\t\t\t\t\t\t\t\t\t\t\t\t\t<\/div>\n\t\t\t\t<\/div>\n\t\t\t\t<div class=\"elementor-element elementor-element-1153f6f1 elementor-widget elementor-widget-text-editor\" data-id=\"1153f6f1\" data-element_type=\"widget\" data-e-type=\"widget\" data-widget_type=\"text-editor.default\">\n\t\t\t\t<div class=\"elementor-widget-container\">\n\t\t\t\t\t\t\t\t\t<p class=\"p1\"><span class=\"s1\">\u010co mi dalo \u0161t\u00fadium na DA KR:<\/span> <em>Priestor roz\u0161\u00edri\u0165 si poznatky a zru\u010dnosti v oblastiach, ktor\u00e9 s\u00edce s pr\u00e1vom \u00fazko s\u00favisia, av\u0161ak \u0161t\u00fadium na pr\u00e1vnick\u00fdch fakult\u00e1ch ich \u010dastokr\u00e1t nepon\u00faka. Ur\u010dite to bola pre moje dovtedaj\u0161ie vzdelanie skvel\u00e1 nadstavba. Pozit\u00edvne hodnot\u00edm taktie\u017e v\u00fdu\u010dbu predmetov v angli\u010dtine a \u010fal\u0161ie jazykov\u00e9 mo\u017enosti, ktor\u00e9 \u0161t\u00fadium na Diplomatickej akad\u00e9mii pon\u00faka.<\/em><\/p><p class=\"p1\"><span class=\"s1\">Najob\u013e\u00fabenej\u0161\u00ed predmet<\/span>: <em>Nako\u013eko bolo \u0161t\u00fadium \u0161pecificky zameran\u00e9 na oblasti, ktor\u00e9 ma bavia, nemala som vyslovene ob\u013e\u00faben\u00fd predmet. V\u0161etky predmety ma bavili a ka\u017ed\u00fd jednotlivo mi poskytol spektrum nov\u00fdch a zauj\u00edmav\u00fdch vedomost\u00ed.<\/em><\/p><p class=\"p1\"><span class=\"s1\">Komu by som odporu\u010dila \u0161t\u00fadium na DA KR<\/span>: <em>\u0160t\u00fadium nie je ur\u010den\u00e9 len pre pr\u00e1vnikov, ale aj pre absolventov in\u00fdch odborov, ktor\u00ed sa zauj\u00edmaj\u00fa o medzin\u00e1rodn\u00e9 pr\u00e1vo a medzin\u00e1rodn\u00e9 vz\u0165ahy s mo\u017enos\u0165ou roz\u0161\u00edrenia jazykov\u00fdch zru\u010dnost\u00ed v priebehu \u0161t\u00fadia.<\/em><\/p>\t\t\t\t\t\t\t\t<\/div>\n\t\t\t\t<\/div>\n\t\t\t\t<div class=\"elementor-element elementor-element-e304f58 elementor-widget-divider--view-line elementor-widget elementor-widget-divider\" data-id=\"e304f58\" data-element_type=\"widget\" data-e-type=\"widget\" data-widget_type=\"divider.default\">\n\t\t\t\t<div class=\"elementor-widget-container\">\n\t\t\t\t\t\t\t<div class=\"elementor-divider\">\n\t\t\t<span class=\"elementor-divider-separator\">\n\t\t\t\t\t\t<\/span>\n\t\t<\/div>\n\t\t\t\t\t\t<\/div>\n\t\t\t\t<\/div>\n\t\t\t\t<div class=\"elementor-element elementor-element-3586dd81 elementor-widget elementor-widget-heading\" data-id=\"3586dd81\" data-element_type=\"widget\" data-e-type=\"widget\" data-widget_type=\"heading.default\">\n\t\t\t\t<div class=\"elementor-widget-container\">\n\t\t\t\t\t<span class=\"elementor-heading-title elementor-size-default\">Monika Chaloupkov\u00e1 - Ro\u010dn\u00edk absolvovania: 2016\n<\/span>\t\t\t\t<\/div>\n\t\t\t\t<\/div>\n\t\t\t\t<\/div>\n\t\t<div class=\"elementor-element elementor-element-66d6c57b e-con-full e-flex e-con e-child\" data-id=\"66d6c57b\" data-element_type=\"container\" data-e-type=\"container\" data-settings=\"{&quot;background_background&quot;:&quot;classic&quot;}\">\n\t\t\t\t<div class=\"elementor-element elementor-element-57159257 elementor-view-default elementor-widget elementor-widget-icon\" data-id=\"57159257\" data-element_type=\"widget\" data-e-type=\"widget\" data-widget_type=\"icon.default\">\n\t\t\t\t<div class=\"elementor-widget-container\">\n\t\t\t\t\t\t\t<div class=\"elementor-icon-wrapper\">\n\t\t\t<div class=\"elementor-icon\">\n\t\t\t<i aria-hidden=\"true\" class=\"fas fa-quote-left\"><\/i>\t\t\t<\/div>\n\t\t<\/div>\n\t\t\t\t\t\t<\/div>\n\t\t\t\t<\/div>\n\t\t\t\t<div class=\"elementor-element elementor-element-2dff12c9 elementor-widget elementor-widget-image\" data-id=\"2dff12c9\" data-element_type=\"widget\" data-e-type=\"widget\" data-widget_type=\"image.default\">\n\t\t\t\t<div class=\"elementor-widget-container\">\n\t\t\t\t\t\t\t\t\t\t\t\t\t\t\t<img loading=\"lazy\" decoding=\"async\" width=\"200\" height=\"200\" src=\"https:\/\/dakr.flaw.uniba.sk\/wp-content\/uploads\/2021\/01\/Julia-Miklasova.jpg\" class=\"attachment-large size-large wp-image-183\" alt=\"avatar\" srcset=\"https:\/\/dakr.flaw.uniba.sk\/wp-content\/uploads\/2021\/01\/Julia-Miklasova.jpg 200w, https:\/\/dakr.flaw.uniba.sk\/wp-content\/uploads\/2021\/01\/Julia-Miklasova-150x150.jpg 150w, https:\/\/dakr.flaw.uniba.sk\/wp-content\/uploads\/2021\/01\/Julia-Miklasova-12x12.jpg 12w\" sizes=\"(max-width: 200px) 100vw, 200px\" \/>\t\t\t\t\t\t\t\t\t\t\t\t\t\t\t<\/div>\n\t\t\t\t<\/div>\n\t\t\t\t<div class=\"elementor-element elementor-element-51b3d84f elementor-widget elementor-widget-text-editor\" data-id=\"51b3d84f\" data-element_type=\"widget\" data-e-type=\"widget\" data-widget_type=\"text-editor.default\">\n\t\t\t\t<div class=\"elementor-widget-container\">\n\t\t\t\t\t\t\t\t\t<p class=\"p1\"><span class=\"s1\">\u010co mi dalo \u0161t\u00fadium na DA KR<\/span>: <em>Ako pr\u00e1vni\u010dke mi \u0161t\u00fadium na DA KR umo\u017enilo nazrie\u0165 do in\u00fdch discipl\u00edn predov\u0161etk\u00fdm v oblasti te\u00f3rie medzin\u00e1rodn\u00fdch vz\u0165ahov. Rovnako bolo \u0161t\u00fadium na DA KR unik\u00e1tnou pr\u00edle\u017eitos\u0165ou stretn\u00fa\u0165 sa a z\u00edska\u0165 vedomosti od kari\u00e9rnych diplomatov, ktor\u00ed sa s nami podelili o ich bohat\u00e9 praktick\u00e9 sk\u00fasenosti. V neposlednom rade, DA KR mi umo\u017enila stretn\u00fa\u0165 rovnako zm\u00fd\u0161\u013eaj\u00facich spolu\u017eiakov, s ktor\u00fdmi sme n\u00e1sledne zorganizovali nieko\u013eko spolo\u010dn\u00fdch podujat\u00ed aj v r\u00e1mci komunity b\u00fdval\u00fdch \u0161tudentov DA KR.<\/em><\/p><p class=\"p1\"><span class=\"s1\">Najob\u013e\u00fabenej\u0161\u00ed predmet<\/span>: <em>Predmety profesora Reichardta zameran\u00e9 na te\u00f3rie medzin\u00e1rodn\u00fdch vz\u0165ahov boli pre m\u0148a ve\u013emi obohacuj\u00face. \u017divou a jasnou formou typickou pre anglo-americk\u00fd syst\u00e9m vzdel\u00e1vania n\u00e1m pribl\u00ed\u017eili teoretick\u00fd r\u00e1mec fungovania medzin\u00e1rodnej politiky.<\/em><\/p><p class=\"p1\"><span class=\"s1\">Komu by som odporu\u010dila \u0161t\u00fadium na DA KR<\/span>: <em>\u0160t\u00fadium na DA KR je vhodn\u00e9 ako z\u00e1kladn\u00fd \u0161tartovac\u00ed bod pre v\u0161etk\u00fdch, ktor\u00ed maj\u00fa z\u00e1ujem o kari\u00e9ru v oblasti medzin\u00e1rodn\u00fdch vz\u0165ahov a eur\u00f3pskej politiky.<\/em><\/p>\t\t\t\t\t\t\t\t<\/div>\n\t\t\t\t<\/div>\n\t\t\t\t<div class=\"elementor-element elementor-element-12e799a3 elementor-widget-divider--view-line elementor-widget elementor-widget-divider\" data-id=\"12e799a3\" data-element_type=\"widget\" data-e-type=\"widget\" data-widget_type=\"divider.default\">\n\t\t\t\t<div class=\"elementor-widget-container\">\n\t\t\t\t\t\t\t<div class=\"elementor-divider\">\n\t\t\t<span class=\"elementor-divider-separator\">\n\t\t\t\t\t\t<\/span>\n\t\t<\/div>\n\t\t\t\t\t\t<\/div>\n\t\t\t\t<\/div>\n\t\t\t\t<div class=\"elementor-element elementor-element-25e3a780 elementor-widget elementor-widget-heading\" data-id=\"25e3a780\" data-element_type=\"widget\" data-e-type=\"widget\" data-widget_type=\"heading.default\">\n\t\t\t\t<div class=\"elementor-widget-container\">\n\t\t\t\t\t<span class=\"elementor-heading-title elementor-size-default\">J\u00falia Miklasov\u00e1 - Ro\u010dn\u00edk absolvovania: 2013\n<\/span>\t\t\t\t<\/div>\n\t\t\t\t<\/div>\n\t\t\t\t<\/div>\n\t\t\t\t\t<\/div>\n\t\t\t\t<\/div>\n\t\t<div class=\"elementor-element elementor-element-4492ed8a e-flex e-con-boxed e-con e-child\" data-id=\"4492ed8a\" data-element_type=\"container\" data-e-type=\"container\">\n\t\t\t\t\t<div class=\"e-con-inner\">\n\t\t<div class=\"elementor-element elementor-element-795f4ca9 e-con-full e-flex e-con e-child\" data-id=\"795f4ca9\" data-element_type=\"container\" data-e-type=\"container\" data-settings=\"{&quot;background_background&quot;:&quot;classic&quot;}\">\n\t\t\t\t<div class=\"elementor-element elementor-element-69a3bc19 elementor-view-default elementor-widget elementor-widget-icon\" data-id=\"69a3bc19\" data-element_type=\"widget\" data-e-type=\"widget\" data-widget_type=\"icon.default\">\n\t\t\t\t<div class=\"elementor-widget-container\">\n\t\t\t\t\t\t\t<div class=\"elementor-icon-wrapper\">\n\t\t\t<div class=\"elementor-icon\">\n\t\t\t<i aria-hidden=\"true\" class=\"fas fa-quote-left\"><\/i>\t\t\t<\/div>\n\t\t<\/div>\n\t\t\t\t\t\t<\/div>\n\t\t\t\t<\/div>\n\t\t\t\t<div class=\"elementor-element elementor-element-66cd42de elementor-widget elementor-widget-image\" data-id=\"66cd42de\" data-element_type=\"widget\" data-e-type=\"widget\" data-widget_type=\"image.default\">\n\t\t\t\t<div class=\"elementor-widget-container\">\n\t\t\t\t\t\t\t\t\t\t\t\t\t\t\t<img loading=\"lazy\" decoding=\"async\" width=\"150\" height=\"150\" src=\"https:\/\/dakr.flaw.uniba.sk\/wp-content\/uploads\/2021\/01\/DankaLedgerwoodHonoraryConsulinPalau-150x150.jpg\" class=\"attachment-thumbnail size-thumbnail wp-image-177\" alt=\"avatar\" \/>\t\t\t\t\t\t\t\t\t\t\t\t\t\t\t<\/div>\n\t\t\t\t<\/div>\n\t\t\t\t<div class=\"elementor-element elementor-element-54904a45 elementor-widget elementor-widget-text-editor\" data-id=\"54904a45\" data-element_type=\"widget\" data-e-type=\"widget\" data-widget_type=\"text-editor.default\">\n\t\t\t\t<div class=\"elementor-widget-container\">\n\t\t\t\t\t\t\t\t\t<p class=\"p1\"><span class=\"s1\">\u010co mi dalo \u0161t\u00fadium na DA KR<\/span>: <em>\u00da\u017easn\u00e9 dva roky s nov\u00fdmi \u013eu\u010fmi, ktor\u00ed sa stali mojimi dobr\u00fdmi priate\u013emi, podarilo sa n\u00e1m zorganizova\u0165 6 plesov Spolku \u0161tudentov a absolventov pod z\u00e1\u0161titou vtedaj\u0161ieho ministra Eduarda Kukana. Mala som mo\u017enos\u0165 pom\u00f4c\u0165 s pr\u00edpravami a organiz\u00e1ciou podujat\u00ed pri pr\u00edle\u017eitosti 10<span class=\"s2\"><sup>.<\/sup><\/span> v\u00fdro\u010dia Ne\u017enej revol\u00facie na slovenskom ve\u013evyslanectve vo Washingtone a v kancel\u00e1rii SR OSN v New Yorku.<\/em><\/p>\n<p class=\"p1\"><span class=\"s1\">Najob\u013e\u00fabenej\u0161\u00ed predmet<\/span>: <em>Dejiny medzin\u00e1rodn\u00fdch vz\u0165ahov \u2013 te\u0161ila som sa, \u017ee si m\u00f4\u017eem zdokona\u013eova\u0165 angli\u010dtinu v\u010faka americk\u00e9mu profesorovi; zauj\u00edmav\u00fd predmet bol \u201cProtokol\u201d s pani ve\u013evyslanky\u0148ou Magdou Va\u0161\u00e1ryovou a jej zauj\u00edmav\u00e9 postrehy z p\u00f4sobenia v zahrani\u010d\u00ed.<\/em><\/p>\n<p class=\"p1\"><span class=\"s1\">Komu by som odporu\u010dila \u0161t\u00fadium na DA KR<\/span>: <em>Ka\u017ed\u00e9mu, kto m\u00e1 z\u00e1ujem a chce ma\u0165 rozh\u013ead, diplomatick\u00e9 minimum, ako aj t\u00fdm, ktor\u00ed chc\u00fa cestova\u0165 \u010di pracova\u0165 v zahrani\u010d\u00ed a maj\u00fa z\u00e1ujem prezentova\u0165 dobr\u00e9 meno Slovenska.<\/em><\/p>\t\t\t\t\t\t\t\t<\/div>\n\t\t\t\t<\/div>\n\t\t\t\t<div class=\"elementor-element elementor-element-5567da47 elementor-widget-divider--view-line elementor-widget elementor-widget-divider\" data-id=\"5567da47\" data-element_type=\"widget\" data-e-type=\"widget\" data-widget_type=\"divider.default\">\n\t\t\t\t<div class=\"elementor-widget-container\">\n\t\t\t\t\t\t\t<div class=\"elementor-divider\">\n\t\t\t<span class=\"elementor-divider-separator\">\n\t\t\t\t\t\t<\/span>\n\t\t<\/div>\n\t\t\t\t\t\t<\/div>\n\t\t\t\t<\/div>\n\t\t\t\t<div class=\"elementor-element elementor-element-6a40dced elementor-widget elementor-widget-heading\" data-id=\"6a40dced\" data-element_type=\"widget\" data-e-type=\"widget\" data-widget_type=\"heading.default\">\n\t\t\t\t<div class=\"elementor-widget-container\">\n\t\t\t\t\t<span class=\"elementor-heading-title elementor-size-default\">Danka Ha\u0161kov\u00e1 Ledgerwood - Ro\u010dn\u00edk absolvovania: 2000<\/span>\t\t\t\t<\/div>\n\t\t\t\t<\/div>\n\t\t\t\t<\/div>\n\t\t<div class=\"elementor-element elementor-element-44c6892a e-con-full e-flex e-con e-child\" data-id=\"44c6892a\" data-element_type=\"container\" data-e-type=\"container\" data-settings=\"{&quot;background_background&quot;:&quot;classic&quot;}\">\n\t\t\t\t<div class=\"elementor-element elementor-element-4c1abfc8 elementor-view-default elementor-widget elementor-widget-icon\" data-id=\"4c1abfc8\" data-element_type=\"widget\" data-e-type=\"widget\" data-widget_type=\"icon.default\">\n\t\t\t\t<div class=\"elementor-widget-container\">\n\t\t\t\t\t\t\t<div class=\"elementor-icon-wrapper\">\n\t\t\t<div class=\"elementor-icon\">\n\t\t\t<i aria-hidden=\"true\" class=\"fas fa-quote-left\"><\/i>\t\t\t<\/div>\n\t\t<\/div>\n\t\t\t\t\t\t<\/div>\n\t\t\t\t<\/div>\n\t\t\t\t<div class=\"elementor-element elementor-element-53c66f63 elementor-widget elementor-widget-image\" data-id=\"53c66f63\" data-element_type=\"widget\" data-e-type=\"widget\" data-widget_type=\"image.default\">\n\t\t\t\t<div class=\"elementor-widget-container\">\n\t\t\t\t\t\t\t\t\t\t\t\t\t\t\t<img loading=\"lazy\" decoding=\"async\" width=\"150\" height=\"150\" src=\"https:\/\/dakr.flaw.uniba.sk\/wp-content\/uploads\/2021\/01\/Roxana-Maliti-150x150.jpg\" class=\"attachment-thumbnail size-thumbnail wp-image-190\" alt=\"avatar\" \/>\t\t\t\t\t\t\t\t\t\t\t\t\t\t\t<\/div>\n\t\t\t\t<\/div>\n\t\t\t\t<div class=\"elementor-element elementor-element-28508149 elementor-widget elementor-widget-text-editor\" data-id=\"28508149\" data-element_type=\"widget\" data-e-type=\"widget\" data-widget_type=\"text-editor.default\">\n\t\t\t\t<div class=\"elementor-widget-container\">\n\t\t\t\t\t\t\t\t\t<p class=\"p1\"><span class=\"s1\">\u010co mi dalo \u0161t\u00fadium na DA KR<\/span>: <em>nov\u00e9 poznatky z oblasti medzin\u00e1rodn\u00e9ho a E\u00da pr\u00e1va i z politol\u00f3gie, lep\u0161ie verejn\u00e9 vystupovanie, i v ANJ a FRJ, lep\u0161ie negocia\u010dn\u00e9 schopnosti, lep\u0161ie formulovanie my\u0161lienok, roz\u0161\u00edrenie a upevnenie predo\u0161l\u00fdch vedomost\u00ed<\/em><\/p><p class=\"p1\"><span class=\"s1\">Najob\u013e\u00fabenej\u0161\u00ed predmet<\/span>: <em>International Relations and International Politics (Prof. Reichardt), Diplomatic English (Prof. Zulfikar Hyatt-Khan), Medzin\u00e1rodn\u00e9 pr\u00e1vo (JUDr. M. \u0160pa\u010dek), Trade Law (Dr. Gianni Avila)<\/em><\/p><p class=\"p1\"><span class=\"s1\">Komu by som odporu\u010dila \u0161t\u00fadium na DA KR<\/span>: <em>Absolventom, mami\u010dk\u00e1m na rodi\u010dovskej dovolenke, \u013eu\u010fom zamestnan\u00fdm v \u0161t\u00e1tnej a verejnej spr\u00e1ve, ale aj v s\u00fakromnej sf\u00e9re (korpor\u00e1t a pod.), a taktie\u017e \u013eu\u010fom aktu\u00e1lne h\u013eadaj\u00facim zamestnanie.<\/em><\/p>\t\t\t\t\t\t\t\t<\/div>\n\t\t\t\t<\/div>\n\t\t\t\t<div class=\"elementor-element elementor-element-53d5582d elementor-widget-divider--view-line elementor-widget elementor-widget-divider\" data-id=\"53d5582d\" data-element_type=\"widget\" data-e-type=\"widget\" data-widget_type=\"divider.default\">\n\t\t\t\t<div class=\"elementor-widget-container\">\n\t\t\t\t\t\t\t<div class=\"elementor-divider\">\n\t\t\t<span class=\"elementor-divider-separator\">\n\t\t\t\t\t\t<\/span>\n\t\t<\/div>\n\t\t\t\t\t\t<\/div>\n\t\t\t\t<\/div>\n\t\t\t\t<div class=\"elementor-element elementor-element-10554f31 elementor-widget elementor-widget-heading\" data-id=\"10554f31\" data-element_type=\"widget\" data-e-type=\"widget\" data-widget_type=\"heading.default\">\n\t\t\t\t<div class=\"elementor-widget-container\">\n\t\t\t\t\t<span class=\"elementor-heading-title elementor-size-default\">Roxana Maliti - Ro\u010dn\u00edk absolvovania: 2020\n\n<\/span>\t\t\t\t<\/div>\n\t\t\t\t<\/div>\n\t\t\t\t<\/div>\n\t\t<div class=\"elementor-element elementor-element-6e395770 e-con-full e-flex e-con e-child\" data-id=\"6e395770\" data-element_type=\"container\" data-e-type=\"container\" data-settings=\"{&quot;background_background&quot;:&quot;classic&quot;}\">\n\t\t\t\t<\/div>\n\t\t\t\t\t<\/div>\n\t\t\t\t<\/div>\n\t\t<div class=\"elementor-element elementor-element-6e5e5f33 e-flex e-con-boxed e-con e-parent\" data-id=\"6e5e5f33\" data-element_type=\"container\" data-e-type=\"container\">\n\t\t\t\t\t<div class=\"e-con-inner\">\n\t\t\t\t<div class=\"elementor-element elementor-element-3f6e9509 elementor-absolute elementor-widget elementor-widget-image\" data-id=\"3f6e9509\" data-element_type=\"widget\" data-e-type=\"widget\" data-settings=\"{&quot;_position&quot;:&quot;absolute&quot;}\" data-widget_type=\"image.default\">\n\t\t\t\t<div class=\"elementor-widget-container\">\n\t\t\t\t\t\t\t\t\t\t\t\t\t\t\t<img loading=\"lazy\" decoding=\"async\" width=\"1024\" height=\"330\" src=\"https:\/\/dakr.flaw.uniba.sk\/wp-content\/uploads\/2025\/04\/sk-biele-5-1024x330.png\" class=\"attachment-large size-large wp-image-1781\" alt=\"\" srcset=\"https:\/\/dakr.flaw.uniba.sk\/wp-content\/uploads\/2025\/04\/sk-biele-5-1024x330.png 1024w, https:\/\/dakr.flaw.uniba.sk\/wp-content\/uploads\/2025\/04\/sk-biele-5-300x97.png 300w, https:\/\/dakr.flaw.uniba.sk\/wp-content\/uploads\/2025\/04\/sk-biele-5-768x247.png 768w, https:\/\/dakr.flaw.uniba.sk\/wp-content\/uploads\/2025\/04\/sk-biele-5-18x6.png 18w, https:\/\/dakr.flaw.uniba.sk\/wp-content\/uploads\/2025\/04\/sk-biele-5.png 1078w\" sizes=\"(max-width: 1024px) 100vw, 1024px\" \/>\t\t\t\t\t\t\t\t\t\t\t\t\t\t\t<\/div>\n\t\t\t\t<\/div>\n\t\t\t\t\t<\/div>\n\t\t\t\t<\/div>\n\t\t\t\t<\/div>",
        "protected": false
    },
    "excerpt": {
        "rendered": "<p>Absolventi \u00daspe\u0161n\u00ed absolventi Diplomatickej akad\u00e9mie Karola Ryb\u00e1rika \u0160t\u00fadium na DA KR preh\u013abilo moje poznatky o historick\u00fdch vz\u0165ahoch, ktor\u00e9 ovplyv\u0148uj\u00fa medzin\u00e1rodn\u00fa politiku. Z\u00e1rove\u0148 som z\u00edskal hlb\u0161\u00ed preh\u013ead o \u010dinnosti medzin\u00e1rodn\u00fdch in\u0161tit\u00faci\u00ed. Moje najob\u013e\u00fabenej\u0161ie predmety boli tie, ktor\u00e9 viedli diplomati, resp. odborn\u00edci z praxe. \u0160t\u00fadium na DA KR odpor\u00fa\u010dam v\u0161etk\u00fdm, ktor\u00ed chc\u00fa pracova\u0165 v diplomacii alebo v [&hellip;]<\/p>",
        "protected": false
    },
    "author": 8,
    "featured_media": 0,
    "parent": 0,
    "menu_order": 0,
    "comment_status": "closed",
    "ping_status": "closed",
    "template": "",
    "meta": {
        "site-sidebar-layout": "no-sidebar",
        "site-content-layout": "page-builder",
        "ast-site-content-layout": "full-width-container",
        "site-content-style": "default",
        "site-sidebar-style": "default",
        "ast-global-header-display": "",
        "ast-banner-title-visibility": "",
        "ast-main-header-display": "",
        "ast-hfb-above-header-display": "",
        "ast-hfb-below-header-display": "",
        "ast-hfb-mobile-header-display": "",
        "site-post-title": "disabled",
        "ast-breadcrumbs-content": "",
        "ast-featured-img": "disabled",
        "footer-sml-layout": "",
        "ast-disable-related-posts": "",
        "theme-transparent-header-meta": "",
        "adv-header-id-meta": "",
        "stick-header-meta": "",
        "header-above-stick-meta": "",
        "header-main-stick-meta": "",
        "header-below-stick-meta": "",
        "astra-migrate-meta-layouts": "set",
        "ast-page-background-enabled": "default",
        "ast-page-background-meta": {
            "desktop": {
                "background-color": "",
                "background-image": "",
                "background-repeat": "repeat",
                "background-position": "center center",
                "background-size": "auto",
                "background-attachment": "scroll",
                "background-type": "",
                "background-media": "",
                "overlay-type": "",
                "overlay-color": "",
                "overlay-opacity": "",
                "overlay-gradient": ""
            },
            "tablet": {
                "background-color": "",
                "background-image": "",
                "background-repeat": "repeat",
                "background-position": "center center",
                "background-size": "auto",
                "background-attachment": "scroll",
                "background-type": "",
                "background-media": "",
                "overlay-type": "",
                "overlay-color": "",
                "overlay-opacity": "",
                "overlay-gradient": ""
            },
            "mobile": {
                "background-color": "",
                "background-image": "",
                "background-repeat": "repeat",
                "background-position": "center center",
                "background-size": "auto",
                "background-attachment": "scroll",
                "background-type": "",
                "background-media": "",
                "overlay-type": "",
                "overlay-color": "",
                "overlay-opacity": "",
                "overlay-gradient": ""
            }
        },
        "ast-content-background-meta": {
            "desktop": {
                "background-color": "var(--ast-global-color-5)",
                "background-image": "",
                "background-repeat": "repeat",
                "background-position": "center center",
                "background-size": "auto",
                "background-attachment": "scroll",
                "background-type": "",
                "background-media": "",
                "overlay-type": "",
                "overlay-color": "",
                "overlay-opacity": "",
                "overlay-gradient": ""
            },
            "tablet": {
                "background-color": "var(--ast-global-color-5)",
                "background-image": "",
                "background-repeat": "repeat",
                "background-position": "center center",
                "background-size": "auto",
                "background-attachment": "scroll",
                "background-type": "",
                "background-media": "",
                "overlay-type": "",
                "overlay-color": "",
                "overlay-opacity": "",
                "overlay-gradient": ""
            },
            "mobile": {
                "background-color": "var(--ast-global-color-5)",
                "background-image": "",
                "background-repeat": "repeat",
                "background-position": "center center",
                "background-size": "auto",
                "background-attachment": "scroll",
                "background-type": "",
                "background-media": "",
                "overlay-type": "",
                "overlay-color": "",
                "overlay-opacity": "",
                "overlay-gradient": ""
            }
        },
        "footnotes": ""
    },
    "class_list": [
        "post-1935",
        "page",
        "type-page",
        "status-publish",
        "hentry"
    ],
    "yoast_head": "<!-- This site is optimized with the Yoast SEO plugin v27.3 - https:\/\/yoast.com\/product\/yoast-seo-wordpress\/ -->\n<title>Absolventi - Diplomatick\u00e1 akad\u00e9mia Karola Ryb\u00e1rika<\/title>\n<meta name=\"robots\" content=\"index, follow, max-snippet:-1, max-image-preview:large, max-video-preview:-1\" \/>\n<link rel=\"canonical\" href=\"https:\/\/dakr.flaw.uniba.sk\/en\/absolventi\/\" \/>\n<meta property=\"og:locale\" content=\"en_US\" \/>\n<meta property=\"og:type\" content=\"article\" \/>\n<meta property=\"og:title\" content=\"Absolventi - Diplomatick\u00e1 akad\u00e9mia Karola Ryb\u00e1rika\" \/>\n<meta property=\"og:description\" content=\"Absolventi \u00daspe\u0161n\u00ed absolventi Diplomatickej akad\u00e9mie Karola Ryb\u00e1rika \u0160t\u00fadium na DA KR preh\u013abilo moje poznatky o historick\u00fdch vz\u0165ahoch, ktor\u00e9 ovplyv\u0148uj\u00fa medzin\u00e1rodn\u00fa politiku. Z\u00e1rove\u0148 som z\u00edskal hlb\u0161\u00ed preh\u013ead o \u010dinnosti medzin\u00e1rodn\u00fdch in\u0161tit\u00faci\u00ed. Moje najob\u013e\u00fabenej\u0161ie predmety boli tie, ktor\u00e9 viedli diplomati, resp. odborn\u00edci z praxe. \u0160t\u00fadium na DA KR odpor\u00fa\u010dam v\u0161etk\u00fdm, ktor\u00ed chc\u00fa pracova\u0165 v diplomacii alebo v [&hellip;]\" \/>\n<meta property=\"og:url\" content=\"https:\/\/dakr.flaw.uniba.sk\/en\/absolventi\/\" \/>\n<meta property=\"og:site_name\" content=\"Diplomatick\u00e1 akad\u00e9mia Karola Ryb\u00e1rika\" \/>\n<meta property=\"article:modified_time\" content=\"2025-05-06T18:19:24+00:00\" \/>\n<meta property=\"og:image\" content=\"https:\/\/dakr.flaw.uniba.sk\/wp-content\/uploads\/2021\/01\/Stanislav-Saling-150x150.jpg\" \/>\n<meta name=\"twitter:card\" content=\"summary_large_image\" \/>\n<meta name=\"twitter:label1\" content=\"Est. reading time\" \/>\n\t<meta name=\"twitter:data1\" content=\"11 minutes\" \/>\n<script type=\"application\/ld+json\" class=\"yoast-schema-graph\">{\"@context\":\"https:\\\/\\\/schema.org\",\"@graph\":[{\"@type\":\"WebPage\",\"@id\":\"https:\\\/\\\/dakr.flaw.uniba.sk\\\/absolventi\\\/\",\"url\":\"https:\\\/\\\/dakr.flaw.uniba.sk\\\/absolventi\\\/\",\"name\":\"Absolventi - Diplomatick\u00e1 akad\u00e9mia Karola Ryb\u00e1rika\",\"isPartOf\":{\"@id\":\"https:\\\/\\\/dakr.flaw.uniba.sk\\\/sk\\\/#website\"},\"primaryImageOfPage\":{\"@id\":\"https:\\\/\\\/dakr.flaw.uniba.sk\\\/absolventi\\\/#primaryimage\"},\"image\":{\"@id\":\"https:\\\/\\\/dakr.flaw.uniba.sk\\\/absolventi\\\/#primaryimage\"},\"thumbnailUrl\":\"https:\\\/\\\/dakr.flaw.uniba.sk\\\/wp-content\\\/uploads\\\/2021\\\/01\\\/Stanislav-Saling-150x150.jpg\",\"datePublished\":\"2025-04-21T15:22:09+00:00\",\"dateModified\":\"2025-05-06T18:19:24+00:00\",\"breadcrumb\":{\"@id\":\"https:\\\/\\\/dakr.flaw.uniba.sk\\\/absolventi\\\/#breadcrumb\"},\"inLanguage\":\"en-US\",\"potentialAction\":[{\"@type\":\"ReadAction\",\"target\":[\"https:\\\/\\\/dakr.flaw.uniba.sk\\\/absolventi\\\/\"]}]},{\"@type\":\"ImageObject\",\"inLanguage\":\"en-US\",\"@id\":\"https:\\\/\\\/dakr.flaw.uniba.sk\\\/absolventi\\\/#primaryimage\",\"url\":\"https:\\\/\\\/dakr.flaw.uniba.sk\\\/wp-content\\\/uploads\\\/2021\\\/01\\\/Stanislav-Saling-150x150.jpg\",\"contentUrl\":\"https:\\\/\\\/dakr.flaw.uniba.sk\\\/wp-content\\\/uploads\\\/2021\\\/01\\\/Stanislav-Saling-150x150.jpg\"},{\"@type\":\"BreadcrumbList\",\"@id\":\"https:\\\/\\\/dakr.flaw.uniba.sk\\\/absolventi\\\/#breadcrumb\",\"itemListElement\":[{\"@type\":\"ListItem\",\"position\":1,\"name\":\"Home\",\"item\":\"https:\\\/\\\/dakr.flaw.uniba.sk\\\/\"},{\"@type\":\"ListItem\",\"position\":2,\"name\":\"Absolventi\"}]},{\"@type\":\"WebSite\",\"@id\":\"https:\\\/\\\/dakr.flaw.uniba.sk\\\/sk\\\/#website\",\"url\":\"https:\\\/\\\/dakr.flaw.uniba.sk\\\/sk\\\/\",\"name\":\"Diplomatick\u00e1 akad\u00e9mia Karola Ryb\u00e1rika\",\"description\":\"Personal Portfolio Website\",\"publisher\":{\"@id\":\"https:\\\/\\\/dakr.flaw.uniba.sk\\\/sk\\\/#organization\"},\"potentialAction\":[{\"@type\":\"SearchAction\",\"target\":{\"@type\":\"EntryPoint\",\"urlTemplate\":\"https:\\\/\\\/dakr.flaw.uniba.sk\\\/sk\\\/?s={search_term_string}\"},\"query-input\":{\"@type\":\"PropertyValueSpecification\",\"valueRequired\":true,\"valueName\":\"search_term_string\"}}],\"inLanguage\":\"en-US\"},{\"@type\":\"Organization\",\"@id\":\"https:\\\/\\\/dakr.flaw.uniba.sk\\\/sk\\\/#organization\",\"name\":\"Diplomatick\u00e1 akad\u00e9mia Karola Ryb\u00e1rika\",\"url\":\"https:\\\/\\\/dakr.flaw.uniba.sk\\\/sk\\\/\",\"logo\":{\"@type\":\"ImageObject\",\"inLanguage\":\"en-US\",\"@id\":\"https:\\\/\\\/dakr.flaw.uniba.sk\\\/sk\\\/#\\\/schema\\\/logo\\\/image\\\/\",\"url\":\"https:\\\/\\\/dakr.flaw.uniba.sk\\\/wp-content\\\/uploads\\\/2025\\\/04\\\/cropped-sk-farebne-1.png\",\"contentUrl\":\"https:\\\/\\\/dakr.flaw.uniba.sk\\\/wp-content\\\/uploads\\\/2025\\\/04\\\/cropped-sk-farebne-1.png\",\"width\":1073,\"height\":347,\"caption\":\"Diplomatick\u00e1 akad\u00e9mia Karola Ryb\u00e1rika\"},\"image\":{\"@id\":\"https:\\\/\\\/dakr.flaw.uniba.sk\\\/sk\\\/#\\\/schema\\\/logo\\\/image\\\/\"}}]}<\/script>\n<!-- \/ Yoast SEO plugin. -->",
    "yoast_head_json": {
        "title": "Absolventi - Diplomatick\u00e1 akad\u00e9mia Karola Ryb\u00e1rika",
        "robots": {
            "index": "index",
            "follow": "follow",
            "max-snippet": "max-snippet:-1",
            "max-image-preview": "max-image-preview:large",
            "max-video-preview": "max-video-preview:-1"
        },
        "canonical": "https:\/\/dakr.flaw.uniba.sk\/en\/absolventi\/",
        "og_locale": "en_US",
        "og_type": "article",
        "og_title": "Absolventi - Diplomatick\u00e1 akad\u00e9mia Karola Ryb\u00e1rika",
        "og_description": "Absolventi \u00daspe\u0161n\u00ed absolventi Diplomatickej akad\u00e9mie Karola Ryb\u00e1rika \u0160t\u00fadium na DA KR preh\u013abilo moje poznatky o historick\u00fdch vz\u0165ahoch, ktor\u00e9 ovplyv\u0148uj\u00fa medzin\u00e1rodn\u00fa politiku. Z\u00e1rove\u0148 som z\u00edskal hlb\u0161\u00ed preh\u013ead o \u010dinnosti medzin\u00e1rodn\u00fdch in\u0161tit\u00faci\u00ed. Moje najob\u013e\u00fabenej\u0161ie predmety boli tie, ktor\u00e9 viedli diplomati, resp. odborn\u00edci z praxe. \u0160t\u00fadium na DA KR odpor\u00fa\u010dam v\u0161etk\u00fdm, ktor\u00ed chc\u00fa pracova\u0165 v diplomacii alebo v [&hellip;]",
        "og_url": "https:\/\/dakr.flaw.uniba.sk\/en\/absolventi\/",
        "og_site_name": "Diplomatick\u00e1 akad\u00e9mia Karola Ryb\u00e1rika",
        "article_modified_time": "2025-05-06T18:19:24+00:00",
        "og_image": [
            {
                "url": "https:\/\/dakr.flaw.uniba.sk\/wp-content\/uploads\/2021\/01\/Stanislav-Saling-150x150.jpg",
                "type": "",
                "width": "",
                "height": ""
            }
        ],
        "twitter_card": "summary_large_image",
        "twitter_misc": {
            "Est. reading time": "11 minutes"
        },
        "schema": {
            "@context": "https:\/\/schema.org",
            "@graph": [
                {
                    "@type": "WebPage",
                    "@id": "https:\/\/dakr.flaw.uniba.sk\/absolventi\/",
                    "url": "https:\/\/dakr.flaw.uniba.sk\/absolventi\/",
                    "name": "Absolventi - Diplomatick\u00e1 akad\u00e9mia Karola Ryb\u00e1rika",
                    "isPartOf": {
                        "@id": "https:\/\/dakr.flaw.uniba.sk\/sk\/#website"
                    },
                    "primaryImageOfPage": {
                        "@id": "https:\/\/dakr.flaw.uniba.sk\/absolventi\/#primaryimage"
                    },
                    "image": {
                        "@id": "https:\/\/dakr.flaw.uniba.sk\/absolventi\/#primaryimage"
                    },
                    "thumbnailUrl": "https:\/\/dakr.flaw.uniba.sk\/wp-content\/uploads\/2021\/01\/Stanislav-Saling-150x150.jpg",
                    "datePublished": "2025-04-21T15:22:09+00:00",
                    "dateModified": "2025-05-06T18:19:24+00:00",
                    "breadcrumb": {
                        "@id": "https:\/\/dakr.flaw.uniba.sk\/absolventi\/#breadcrumb"
                    },
                    "inLanguage": "en-US",
                    "potentialAction": [
                        {
                            "@type": "ReadAction",
                            "target": [
                                "https:\/\/dakr.flaw.uniba.sk\/absolventi\/"
                            ]
                        }
                    ]
                },
                {
                    "@type": "ImageObject",
                    "inLanguage": "en-US",
                    "@id": "https:\/\/dakr.flaw.uniba.sk\/absolventi\/#primaryimage",
                    "url": "https:\/\/dakr.flaw.uniba.sk\/wp-content\/uploads\/2021\/01\/Stanislav-Saling-150x150.jpg",
                    "contentUrl": "https:\/\/dakr.flaw.uniba.sk\/wp-content\/uploads\/2021\/01\/Stanislav-Saling-150x150.jpg"
                },
                {
                    "@type": "BreadcrumbList",
                    "@id": "https:\/\/dakr.flaw.uniba.sk\/absolventi\/#breadcrumb",
                    "itemListElement": [
                        {
                            "@type": "ListItem",
                            "position": 1,
                            "name": "Home",
                            "item": "https:\/\/dakr.flaw.uniba.sk\/"
                        },
                        {
                            "@type": "ListItem",
                            "position": 2,
                            "name": "Absolventi"
                        }
                    ]
                },
                {
                    "@type": "WebSite",
                    "@id": "https:\/\/dakr.flaw.uniba.sk\/sk\/#website",
                    "url": "https:\/\/dakr.flaw.uniba.sk\/sk\/",
                    "name": "Diplomatick\u00e1 akad\u00e9mia Karola Ryb\u00e1rika",
                    "description": "Personal Portfolio Website",
                    "publisher": {
                        "@id": "https:\/\/dakr.flaw.uniba.sk\/sk\/#organization"
                    },
                    "potentialAction": [
                        {
                            "@type": "SearchAction",
                            "target": {
                                "@type": "EntryPoint",
                                "urlTemplate": "https:\/\/dakr.flaw.uniba.sk\/sk\/?s={search_term_string}"
                            },
                            "query-input": {
                                "@type": "PropertyValueSpecification",
                                "valueRequired": true,
                                "valueName": "search_term_string"
                            }
                        }
                    ],
                    "inLanguage": "en-US"
                },
                {
                    "@type": "Organization",
                    "@id": "https:\/\/dakr.flaw.uniba.sk\/sk\/#organization",
                    "name": "Diplomatick\u00e1 akad\u00e9mia Karola Ryb\u00e1rika",
                    "url": "https:\/\/dakr.flaw.uniba.sk\/sk\/",
                    "logo": {
                        "@type": "ImageObject",
                        "inLanguage": "en-US",
                        "@id": "https:\/\/dakr.flaw.uniba.sk\/sk\/#\/schema\/logo\/image\/",
                        "url": "https:\/\/dakr.flaw.uniba.sk\/wp-content\/uploads\/2025\/04\/cropped-sk-farebne-1.png",
                        "contentUrl": "https:\/\/dakr.flaw.uniba.sk\/wp-content\/uploads\/2025\/04\/cropped-sk-farebne-1.png",
                        "width": 1073,
                        "height": 347,
                        "caption": "Diplomatick\u00e1 akad\u00e9mia Karola Ryb\u00e1rika"
                    },
                    "image": {
                        "@id": "https:\/\/dakr.flaw.uniba.sk\/sk\/#\/schema\/logo\/image\/"
                    }
                }
            ]
        }
    },
    "_links": {
        "self": [
            {
                "href": "https:\/\/dakr.flaw.uniba.sk\/en\/wp-json\/wp\/v2\/pages\/1935",
                "targetHints": {
                    "allow": [
                        "GET"
                    ]
                }
            }
        ],
        "collection": [
            {
                "href": "https:\/\/dakr.flaw.uniba.sk\/en\/wp-json\/wp\/v2\/pages"
            }
        ],
        "about": [
            {
                "href": "https:\/\/dakr.flaw.uniba.sk\/en\/wp-json\/wp\/v2\/types\/page"
            }
        ],
        "author": [
            {
                "embeddable": true,
                "href": "https:\/\/dakr.flaw.uniba.sk\/en\/wp-json\/wp\/v2\/users\/8"
            }
        ],
        "replies": [
            {
                "embeddable": true,
                "href": "https:\/\/dakr.flaw.uniba.sk\/en\/wp-json\/wp\/v2\/comments?post=1935"
            }
        ],
        "version-history": [
            {
                "count": 107,
                "href": "https:\/\/dakr.flaw.uniba.sk\/en\/wp-json\/wp\/v2\/pages\/1935\/revisions"
            }
        ],
        "predecessor-version": [
            {
                "id": 3521,
                "href": "https:\/\/dakr.flaw.uniba.sk\/en\/wp-json\/wp\/v2\/pages\/1935\/revisions\/3521"
            }
        ],
        "wp:attachment": [
            {
                "href": "https:\/\/dakr.flaw.uniba.sk\/en\/wp-json\/wp\/v2\/media?parent=1935"
            }
        ],
        "curies": [
            {
                "name": "wp",
                "href": "https:\/\/api.w.org\/{rel}",
                "templated": true
            }
        ]
    }
}